{"id":493,"date":"2019-11-28T12:16:26","date_gmt":"2019-11-28T11:16:26","guid":{"rendered":"https:\/\/brings-online.com\/demo\/wordpress-theme-immobilia18\/?p=493"},"modified":"2025-03-22T19:38:15","modified_gmt":"2025-03-22T18:38:15","slug":"at-vero-eos-et-accusam-et-justo","status":"publish","type":"post","link":"https:\/\/bo-themes.de\/wordpress-immobilien-themes\/bo-beladomo\/2019\/11\/28\/at-vero-eos-et-accusam-et-justo\/","title":{"rendered":"At vero eos et accusam et justo"},"content":{"rendered":"\n<h2 class=\"wp-block-heading\">Lorem ipsum dolor sit amet, consetetur sadipscing elitr<\/h2>\n\n\n\n<p>Lorem ipsum dolor sit amet, consetetur sadipscing elitr, sed diam nonumy eirmod tempor invidunt ut labore et dolore magna aliquyam erat, sed diam voluptua. At vero eos et accusam et justo duo dolores et ea rebum. Stet clita kasd gubergren, no sea takimata sanctus est Lorem ipsum dolor sit amet. Lorem ipsum dolor sit amet, consetetur sadipscing elitr, sed diam nonumy eirmod tempor invidunt ut labore et dolore magna aliquyam erat, sed diam voluptua. At vero eos et accusam et justo duo dolores et ea rebum. Stet clita kasd gubergren, no sea takimata sanctus est Lorem ipsum dolor sit amet.<\/p>\n\n\n\n<h2 class=\"wp-block-heading\">Lorem ipsum dolor sit amet, consetetur sadipscing elitr<\/h2>\n\n\n\n<p>Lorem ipsum dolor sit amet, consetetur sadipscing elitr, sed diam nonumy eirmod tempor invidunt ut labore et dolore magna aliquyam erat, sed diam voluptua. At vero eos et accusam et justo duo dolores et ea rebum. Stet clita kasd gubergren, no sea takimata sanctus est Lorem ipsum dolor sit amet. Lorem ipsum dolor sit amet, consetetur sadipscing elitr, sed diam nonumy eirmod tempor invidunt ut labore et dolore magna aliquyam erat, sed diam voluptua. At vero eos et accusam et justo duo dolores et ea rebum. Stet clita kasd gubergren, no sea takimata sanctus est Lorem ipsum dolor sit amet.<\/p>\n\n\n\n<div style=\"height:20px\" aria-hidden=\"true\" class=\"wp-block-spacer\"><\/div>\n\n\n\n<p><\/p>\n","protected":false},"excerpt":{"rendered":"<p>Lorem ipsum dolor sit amet, consetetur sadipscing elitr Lorem ipsum dolor sit amet, consetetur sadipscing elitr, sed diam nonumy eirmod <small class=\"highlight\">[&#8230;]<\/small><\/p>\n","protected":false},"author":3,"featured_media":13451,"comment_status":"closed","ping_status":"closed","sticky":false,"template":"","format":"standard","meta":{"footnotes":""},"categories":[1],"tags":[5,8],"class_list":["post-493","post","type-post","status-publish","format-standard","has-post-thumbnail","hentry","category-allgemein","tag-hausbau","tag-maklerinfo"],"yoast_head":"<!-- This site is optimized with the Yoast SEO plugin v26.5 - https:\/\/yoast.com\/wordpress\/plugins\/seo\/ -->\n<title>At vero eos et accusam et justo - BO Beladomo<\/title>\n<meta name=\"description\" content=\"Dies ist eine Demo-Webseite f\u00fcr Beladomo - einem Immobilien-Theme f\u00fcr WordPress von Brings - B\u00fcro f\u00fcr Webentwicklung\" \/>\n<meta name=\"robots\" content=\"index, follow, max-snippet:-1, max-image-preview:large, max-video-preview:-1\" \/>\n<link rel=\"canonical\" href=\"https:\/\/bo-themes.de\/wordpress-immobilien-themes\/bo-beladomo\/2019\/11\/28\/at-vero-eos-et-accusam-et-justo\/\" \/>\n<meta property=\"og:locale\" content=\"de_DE\" \/>\n<meta property=\"og:type\" content=\"article\" \/>\n<meta property=\"og:title\" content=\"At vero eos et accusam et justo - BO Beladomo\" \/>\n<meta property=\"og:description\" content=\"Dies ist eine Demo-Webseite f\u00fcr Beladomo - einem Immobilien-Theme f\u00fcr WordPress von Brings - B\u00fcro f\u00fcr Webentwicklung\" \/>\n<meta property=\"og:url\" content=\"https:\/\/bo-themes.de\/wordpress-immobilien-themes\/bo-beladomo\/2019\/11\/28\/at-vero-eos-et-accusam-et-justo\/\" \/>\n<meta property=\"og:site_name\" content=\"BO Beladomo\" \/>\n<meta property=\"article:published_time\" content=\"2019-11-28T11:16:26+00:00\" \/>\n<meta property=\"article:modified_time\" content=\"2025-03-22T18:38:15+00:00\" \/>\n<meta property=\"og:image\" content=\"https:\/\/bo-themes.de\/wordpress-immobilien-themes\/bo-beladomo\/wp-content\/uploads\/sites\/5\/2025\/03\/beladomo-immobilien-testbild-unsplash-6.jpg\" \/>\n\t<meta property=\"og:image:width\" content=\"1600\" \/>\n\t<meta property=\"og:image:height\" content=\"1067\" \/>\n\t<meta property=\"og:image:type\" content=\"image\/jpeg\" \/>\n<meta name=\"author\" content=\"MaklerTeam\" \/>\n<meta name=\"twitter:card\" content=\"summary_large_image\" \/>\n<meta name=\"twitter:label1\" content=\"Verfasst von\" \/>\n\t<meta name=\"twitter:data1\" content=\"MaklerTeam\" \/>\n\t<meta name=\"twitter:label2\" content=\"Gesch\u00e4tzte Lesezeit\" \/>\n\t<meta name=\"twitter:data2\" content=\"1\u00a0Minute\" \/>\n<script type=\"application\/ld+json\" class=\"yoast-schema-graph\">{\"@context\":\"https:\/\/schema.org\",\"@graph\":[{\"@type\":\"Article\",\"@id\":\"https:\/\/bo-themes.de\/wordpress-immobilien-themes\/bo-beladomo\/2019\/11\/28\/at-vero-eos-et-accusam-et-justo\/#article\",\"isPartOf\":{\"@id\":\"https:\/\/bo-themes.de\/wordpress-immobilien-themes\/bo-beladomo\/2019\/11\/28\/at-vero-eos-et-accusam-et-justo\/\"},\"author\":{\"name\":\"MaklerTeam\",\"@id\":\"https:\/\/bo-themes.de\/wordpress-immobilien-themes\/bo-beladomo\/#\/schema\/person\/4aaff5e7ddb2aaa61eaf0e0a7859b559\"},\"headline\":\"At vero eos et accusam et justo\",\"datePublished\":\"2019-11-28T11:16:26+00:00\",\"dateModified\":\"2025-03-22T18:38:15+00:00\",\"mainEntityOfPage\":{\"@id\":\"https:\/\/bo-themes.de\/wordpress-immobilien-themes\/bo-beladomo\/2019\/11\/28\/at-vero-eos-et-accusam-et-justo\/\"},\"wordCount\":223,\"publisher\":{\"@id\":\"https:\/\/bo-themes.de\/wordpress-immobilien-themes\/bo-beladomo\/#organization\"},\"image\":{\"@id\":\"https:\/\/bo-themes.de\/wordpress-immobilien-themes\/bo-beladomo\/2019\/11\/28\/at-vero-eos-et-accusam-et-justo\/#primaryimage\"},\"thumbnailUrl\":\"https:\/\/bo-themes.de\/wordpress-immobilien-themes\/bo-beladomo\/wp-content\/uploads\/sites\/5\/2025\/03\/beladomo-immobilien-testbild-unsplash-6.jpg\",\"keywords\":[\"Hausbau\",\"Maklerinfo\"],\"inLanguage\":\"de\"},{\"@type\":\"WebPage\",\"@id\":\"https:\/\/bo-themes.de\/wordpress-immobilien-themes\/bo-beladomo\/2019\/11\/28\/at-vero-eos-et-accusam-et-justo\/\",\"url\":\"https:\/\/bo-themes.de\/wordpress-immobilien-themes\/bo-beladomo\/2019\/11\/28\/at-vero-eos-et-accusam-et-justo\/\",\"name\":\"At vero eos et accusam et justo - BO Beladomo\",\"isPartOf\":{\"@id\":\"https:\/\/bo-themes.de\/wordpress-immobilien-themes\/bo-beladomo\/#website\"},\"primaryImageOfPage\":{\"@id\":\"https:\/\/bo-themes.de\/wordpress-immobilien-themes\/bo-beladomo\/2019\/11\/28\/at-vero-eos-et-accusam-et-justo\/#primaryimage\"},\"image\":{\"@id\":\"https:\/\/bo-themes.de\/wordpress-immobilien-themes\/bo-beladomo\/2019\/11\/28\/at-vero-eos-et-accusam-et-justo\/#primaryimage\"},\"thumbnailUrl\":\"https:\/\/bo-themes.de\/wordpress-immobilien-themes\/bo-beladomo\/wp-content\/uploads\/sites\/5\/2025\/03\/beladomo-immobilien-testbild-unsplash-6.jpg\",\"datePublished\":\"2019-11-28T11:16:26+00:00\",\"dateModified\":\"2025-03-22T18:38:15+00:00\",\"description\":\"Dies ist eine Demo-Webseite f\u00fcr Beladomo - einem Immobilien-Theme f\u00fcr WordPress von Brings - B\u00fcro f\u00fcr Webentwicklung\",\"breadcrumb\":{\"@id\":\"https:\/\/bo-themes.de\/wordpress-immobilien-themes\/bo-beladomo\/2019\/11\/28\/at-vero-eos-et-accusam-et-justo\/#breadcrumb\"},\"inLanguage\":\"de\",\"potentialAction\":[{\"@type\":\"ReadAction\",\"target\":[\"https:\/\/bo-themes.de\/wordpress-immobilien-themes\/bo-beladomo\/2019\/11\/28\/at-vero-eos-et-accusam-et-justo\/\"]}]},{\"@type\":\"ImageObject\",\"inLanguage\":\"de\",\"@id\":\"https:\/\/bo-themes.de\/wordpress-immobilien-themes\/bo-beladomo\/2019\/11\/28\/at-vero-eos-et-accusam-et-justo\/#primaryimage\",\"url\":\"https:\/\/bo-themes.de\/wordpress-immobilien-themes\/bo-beladomo\/wp-content\/uploads\/sites\/5\/2025\/03\/beladomo-immobilien-testbild-unsplash-6.jpg\",\"contentUrl\":\"https:\/\/bo-themes.de\/wordpress-immobilien-themes\/bo-beladomo\/wp-content\/uploads\/sites\/5\/2025\/03\/beladomo-immobilien-testbild-unsplash-6.jpg\",\"width\":1600,\"height\":1067,\"caption\":\"Beladomo Immobilien-Theme f\u00fcr WordPress\"},{\"@type\":\"BreadcrumbList\",\"@id\":\"https:\/\/bo-themes.de\/wordpress-immobilien-themes\/bo-beladomo\/2019\/11\/28\/at-vero-eos-et-accusam-et-justo\/#breadcrumb\",\"itemListElement\":[{\"@type\":\"ListItem\",\"position\":1,\"name\":\"Startseite\",\"item\":\"https:\/\/bo-themes.de\/wordpress-immobilien-themes\/bo-beladomo\/\"},{\"@type\":\"ListItem\",\"position\":2,\"name\":\"At vero eos et accusam et justo\"}]},{\"@type\":\"WebSite\",\"@id\":\"https:\/\/bo-themes.de\/wordpress-immobilien-themes\/bo-beladomo\/#website\",\"url\":\"https:\/\/bo-themes.de\/wordpress-immobilien-themes\/bo-beladomo\/\",\"name\":\"BO Beladomo - Immobilien-Theme f\u00fcr WordPress\",\"description\":\"WordPress Theme f\u00fcr Immobilien-Webseiten\",\"publisher\":{\"@id\":\"https:\/\/bo-themes.de\/wordpress-immobilien-themes\/bo-beladomo\/#organization\"},\"alternateName\":\"BO Beladomo\",\"potentialAction\":[{\"@type\":\"SearchAction\",\"target\":{\"@type\":\"EntryPoint\",\"urlTemplate\":\"https:\/\/bo-themes.de\/wordpress-immobilien-themes\/bo-beladomo\/?s={search_term_string}\"},\"query-input\":{\"@type\":\"PropertyValueSpecification\",\"valueRequired\":true,\"valueName\":\"search_term_string\"}}],\"inLanguage\":\"de\"},{\"@type\":\"Organization\",\"@id\":\"https:\/\/bo-themes.de\/wordpress-immobilien-themes\/bo-beladomo\/#organization\",\"name\":\"BO Beladomo - Immobilien-Theme f\u00fcr WordPress\",\"alternateName\":\"BO Beladomo\",\"url\":\"https:\/\/bo-themes.de\/wordpress-immobilien-themes\/bo-beladomo\/\",\"logo\":{\"@type\":\"ImageObject\",\"inLanguage\":\"de\",\"@id\":\"https:\/\/bo-themes.de\/wordpress-immobilien-themes\/bo-beladomo\/#\/schema\/logo\/image\/\",\"url\":\"https:\/\/bo-themes.de\/wordpress-immobilien-themes\/bo-beladomo\/wp-content\/uploads\/sites\/5\/2020\/01\/wpicon-brings.png\",\"contentUrl\":\"https:\/\/bo-themes.de\/wordpress-immobilien-themes\/bo-beladomo\/wp-content\/uploads\/sites\/5\/2020\/01\/wpicon-brings.png\",\"width\":512,\"height\":512,\"caption\":\"BO Beladomo - Immobilien-Theme f\u00fcr WordPress\"},\"image\":{\"@id\":\"https:\/\/bo-themes.de\/wordpress-immobilien-themes\/bo-beladomo\/#\/schema\/logo\/image\/\"}},{\"@type\":\"Person\",\"@id\":\"https:\/\/bo-themes.de\/wordpress-immobilien-themes\/bo-beladomo\/#\/schema\/person\/4aaff5e7ddb2aaa61eaf0e0a7859b559\",\"name\":\"MaklerTeam\",\"url\":\"https:\/\/bo-themes.de\/wordpress-immobilien-themes\/bo-beladomo\/author\/maklerteam\/\"}]}<\/script>\n<!-- \/ Yoast SEO plugin. -->","yoast_head_json":{"title":"At vero eos et accusam et justo - BO Beladomo","description":"Dies ist eine Demo-Webseite f\u00fcr Beladomo - einem Immobilien-Theme f\u00fcr WordPress von Brings - B\u00fcro f\u00fcr Webentwicklung","robots":{"index":"index","follow":"follow","max-snippet":"max-snippet:-1","max-image-preview":"max-image-preview:large","max-video-preview":"max-video-preview:-1"},"canonical":"https:\/\/bo-themes.de\/wordpress-immobilien-themes\/bo-beladomo\/2019\/11\/28\/at-vero-eos-et-accusam-et-justo\/","og_locale":"de_DE","og_type":"article","og_title":"At vero eos et accusam et justo - BO Beladomo","og_description":"Dies ist eine Demo-Webseite f\u00fcr Beladomo - einem Immobilien-Theme f\u00fcr WordPress von Brings - B\u00fcro f\u00fcr Webentwicklung","og_url":"https:\/\/bo-themes.de\/wordpress-immobilien-themes\/bo-beladomo\/2019\/11\/28\/at-vero-eos-et-accusam-et-justo\/","og_site_name":"BO Beladomo","article_published_time":"2019-11-28T11:16:26+00:00","article_modified_time":"2025-03-22T18:38:15+00:00","og_image":[{"width":1600,"height":1067,"url":"https:\/\/bo-themes.de\/wordpress-immobilien-themes\/bo-beladomo\/wp-content\/uploads\/sites\/5\/2025\/03\/beladomo-immobilien-testbild-unsplash-6.jpg","type":"image\/jpeg"}],"author":"MaklerTeam","twitter_card":"summary_large_image","twitter_misc":{"Verfasst von":"MaklerTeam","Gesch\u00e4tzte Lesezeit":"1\u00a0Minute"},"schema":{"@context":"https:\/\/schema.org","@graph":[{"@type":"Article","@id":"https:\/\/bo-themes.de\/wordpress-immobilien-themes\/bo-beladomo\/2019\/11\/28\/at-vero-eos-et-accusam-et-justo\/#article","isPartOf":{"@id":"https:\/\/bo-themes.de\/wordpress-immobilien-themes\/bo-beladomo\/2019\/11\/28\/at-vero-eos-et-accusam-et-justo\/"},"author":{"name":"MaklerTeam","@id":"https:\/\/bo-themes.de\/wordpress-immobilien-themes\/bo-beladomo\/#\/schema\/person\/4aaff5e7ddb2aaa61eaf0e0a7859b559"},"headline":"At vero eos et accusam et justo","datePublished":"2019-11-28T11:16:26+00:00","dateModified":"2025-03-22T18:38:15+00:00","mainEntityOfPage":{"@id":"https:\/\/bo-themes.de\/wordpress-immobilien-themes\/bo-beladomo\/2019\/11\/28\/at-vero-eos-et-accusam-et-justo\/"},"wordCount":223,"publisher":{"@id":"https:\/\/bo-themes.de\/wordpress-immobilien-themes\/bo-beladomo\/#organization"},"image":{"@id":"https:\/\/bo-themes.de\/wordpress-immobilien-themes\/bo-beladomo\/2019\/11\/28\/at-vero-eos-et-accusam-et-justo\/#primaryimage"},"thumbnailUrl":"https:\/\/bo-themes.de\/wordpress-immobilien-themes\/bo-beladomo\/wp-content\/uploads\/sites\/5\/2025\/03\/beladomo-immobilien-testbild-unsplash-6.jpg","keywords":["Hausbau","Maklerinfo"],"inLanguage":"de"},{"@type":"WebPage","@id":"https:\/\/bo-themes.de\/wordpress-immobilien-themes\/bo-beladomo\/2019\/11\/28\/at-vero-eos-et-accusam-et-justo\/","url":"https:\/\/bo-themes.de\/wordpress-immobilien-themes\/bo-beladomo\/2019\/11\/28\/at-vero-eos-et-accusam-et-justo\/","name":"At vero eos et accusam et justo - BO Beladomo","isPartOf":{"@id":"https:\/\/bo-themes.de\/wordpress-immobilien-themes\/bo-beladomo\/#website"},"primaryImageOfPage":{"@id":"https:\/\/bo-themes.de\/wordpress-immobilien-themes\/bo-beladomo\/2019\/11\/28\/at-vero-eos-et-accusam-et-justo\/#primaryimage"},"image":{"@id":"https:\/\/bo-themes.de\/wordpress-immobilien-themes\/bo-beladomo\/2019\/11\/28\/at-vero-eos-et-accusam-et-justo\/#primaryimage"},"thumbnailUrl":"https:\/\/bo-themes.de\/wordpress-immobilien-themes\/bo-beladomo\/wp-content\/uploads\/sites\/5\/2025\/03\/beladomo-immobilien-testbild-unsplash-6.jpg","datePublished":"2019-11-28T11:16:26+00:00","dateModified":"2025-03-22T18:38:15+00:00","description":"Dies ist eine Demo-Webseite f\u00fcr Beladomo - einem Immobilien-Theme f\u00fcr WordPress von Brings - B\u00fcro f\u00fcr Webentwicklung","breadcrumb":{"@id":"https:\/\/bo-themes.de\/wordpress-immobilien-themes\/bo-beladomo\/2019\/11\/28\/at-vero-eos-et-accusam-et-justo\/#breadcrumb"},"inLanguage":"de","potentialAction":[{"@type":"ReadAction","target":["https:\/\/bo-themes.de\/wordpress-immobilien-themes\/bo-beladomo\/2019\/11\/28\/at-vero-eos-et-accusam-et-justo\/"]}]},{"@type":"ImageObject","inLanguage":"de","@id":"https:\/\/bo-themes.de\/wordpress-immobilien-themes\/bo-beladomo\/2019\/11\/28\/at-vero-eos-et-accusam-et-justo\/#primaryimage","url":"https:\/\/bo-themes.de\/wordpress-immobilien-themes\/bo-beladomo\/wp-content\/uploads\/sites\/5\/2025\/03\/beladomo-immobilien-testbild-unsplash-6.jpg","contentUrl":"https:\/\/bo-themes.de\/wordpress-immobilien-themes\/bo-beladomo\/wp-content\/uploads\/sites\/5\/2025\/03\/beladomo-immobilien-testbild-unsplash-6.jpg","width":1600,"height":1067,"caption":"Beladomo Immobilien-Theme f\u00fcr WordPress"},{"@type":"BreadcrumbList","@id":"https:\/\/bo-themes.de\/wordpress-immobilien-themes\/bo-beladomo\/2019\/11\/28\/at-vero-eos-et-accusam-et-justo\/#breadcrumb","itemListElement":[{"@type":"ListItem","position":1,"name":"Startseite","item":"https:\/\/bo-themes.de\/wordpress-immobilien-themes\/bo-beladomo\/"},{"@type":"ListItem","position":2,"name":"At vero eos et accusam et justo"}]},{"@type":"WebSite","@id":"https:\/\/bo-themes.de\/wordpress-immobilien-themes\/bo-beladomo\/#website","url":"https:\/\/bo-themes.de\/wordpress-immobilien-themes\/bo-beladomo\/","name":"BO Beladomo - Immobilien-Theme f\u00fcr WordPress","description":"WordPress Theme f\u00fcr Immobilien-Webseiten","publisher":{"@id":"https:\/\/bo-themes.de\/wordpress-immobilien-themes\/bo-beladomo\/#organization"},"alternateName":"BO Beladomo","potentialAction":[{"@type":"SearchAction","target":{"@type":"EntryPoint","urlTemplate":"https:\/\/bo-themes.de\/wordpress-immobilien-themes\/bo-beladomo\/?s={search_term_string}"},"query-input":{"@type":"PropertyValueSpecification","valueRequired":true,"valueName":"search_term_string"}}],"inLanguage":"de"},{"@type":"Organization","@id":"https:\/\/bo-themes.de\/wordpress-immobilien-themes\/bo-beladomo\/#organization","name":"BO Beladomo - Immobilien-Theme f\u00fcr WordPress","alternateName":"BO Beladomo","url":"https:\/\/bo-themes.de\/wordpress-immobilien-themes\/bo-beladomo\/","logo":{"@type":"ImageObject","inLanguage":"de","@id":"https:\/\/bo-themes.de\/wordpress-immobilien-themes\/bo-beladomo\/#\/schema\/logo\/image\/","url":"https:\/\/bo-themes.de\/wordpress-immobilien-themes\/bo-beladomo\/wp-content\/uploads\/sites\/5\/2020\/01\/wpicon-brings.png","contentUrl":"https:\/\/bo-themes.de\/wordpress-immobilien-themes\/bo-beladomo\/wp-content\/uploads\/sites\/5\/2020\/01\/wpicon-brings.png","width":512,"height":512,"caption":"BO Beladomo - Immobilien-Theme f\u00fcr WordPress"},"image":{"@id":"https:\/\/bo-themes.de\/wordpress-immobilien-themes\/bo-beladomo\/#\/schema\/logo\/image\/"}},{"@type":"Person","@id":"https:\/\/bo-themes.de\/wordpress-immobilien-themes\/bo-beladomo\/#\/schema\/person\/4aaff5e7ddb2aaa61eaf0e0a7859b559","name":"MaklerTeam","url":"https:\/\/bo-themes.de\/wordpress-immobilien-themes\/bo-beladomo\/author\/maklerteam\/"}]}},"_links":{"self":[{"href":"https:\/\/bo-themes.de\/wordpress-immobilien-themes\/bo-beladomo\/wp-json\/wp\/v2\/posts\/493","targetHints":{"allow":["GET"]}}],"collection":[{"href":"https:\/\/bo-themes.de\/wordpress-immobilien-themes\/bo-beladomo\/wp-json\/wp\/v2\/posts"}],"about":[{"href":"https:\/\/bo-themes.de\/wordpress-immobilien-themes\/bo-beladomo\/wp-json\/wp\/v2\/types\/post"}],"author":[{"embeddable":true,"href":"https:\/\/bo-themes.de\/wordpress-immobilien-themes\/bo-beladomo\/wp-json\/wp\/v2\/users\/3"}],"replies":[{"embeddable":true,"href":"https:\/\/bo-themes.de\/wordpress-immobilien-themes\/bo-beladomo\/wp-json\/wp\/v2\/comments?post=493"}],"version-history":[{"count":1,"href":"https:\/\/bo-themes.de\/wordpress-immobilien-themes\/bo-beladomo\/wp-json\/wp\/v2\/posts\/493\/revisions"}],"predecessor-version":[{"id":13454,"href":"https:\/\/bo-themes.de\/wordpress-immobilien-themes\/bo-beladomo\/wp-json\/wp\/v2\/posts\/493\/revisions\/13454"}],"wp:featuredmedia":[{"embeddable":true,"href":"https:\/\/bo-themes.de\/wordpress-immobilien-themes\/bo-beladomo\/wp-json\/wp\/v2\/media\/13451"}],"wp:attachment":[{"href":"https:\/\/bo-themes.de\/wordpress-immobilien-themes\/bo-beladomo\/wp-json\/wp\/v2\/media?parent=493"}],"wp:term":[{"taxonomy":"category","embeddable":true,"href":"https:\/\/bo-themes.de\/wordpress-immobilien-themes\/bo-beladomo\/wp-json\/wp\/v2\/categories?post=493"},{"taxonomy":"post_tag","embeddable":true,"href":"https:\/\/bo-themes.de\/wordpress-immobilien-themes\/bo-beladomo\/wp-json\/wp\/v2\/tags?post=493"}],"curies":[{"name":"wp","href":"https:\/\/api.w.org\/{rel}","templated":true}]}}